{"id":14849,"date":"2023-01-30T11:22:26","date_gmt":"2023-01-30T10:22:26","guid":{"rendered":"https:\/\/www.club-der-ringelsocken-sechtem.de\/?p=14849"},"modified":"2023-01-30T11:22:27","modified_gmt":"2023-01-30T10:22:27","slug":"zeltlager-ueber-fronleichnam","status":"publish","type":"post","link":"https:\/\/www.club-der-ringelsocken-sechtem.de\/?p=14849","title":{"rendered":"Zeltlager \u00fcber Fronleichnam"},"content":{"rendered":"\n<p>Liebe (zuk\u00fcnftige) Ringelsocken,<\/p>\n\n\n\n<p>bald ist es wieder so weit und unser Zeltlager steht vor der T\u00fcre. Auch in diesem Jahr werden wir \u00fcber Fronleichnam vom 08.-11. Juni in Schlo\u00dfthal ein gemeinsames Wochenende verbringen. Die Anmeldungen und n\u00e4here Infos folgen demn\u00e4chst.<\/p>\n\n\n\n<p><br>Wir freuen uns schon jetzt, wenn viele von euch dabei sind.<\/p>\n\n\n\n<p>Herzliche Gr\u00fc\u00dfe,<\/p>\n\n\n\n<p>euer Freizeit-Team<\/p>\n","protected":false},"excerpt":{"rendered":"<p>Liebe (zuk\u00fcnftige) Ringelsocken, bald ist es wieder so weit und unser Zeltlager steht vor der T\u00fcre. Auch in diesem Jahr werden wir \u00fcber Fronleichnam vom 08.-11. Juni in Schlo\u00dfthal ein&#8230;<\/p>\n","protected":false},"author":1,"featured_media":0,"comment_status":"closed","ping_status":"closed","sticky":false,"template":"","format":"standard","meta":{"footnotes":""},"categories":[1],"tags":[],"class_list":["post-14849","post","type-post","status-publish","format-standard","hentry","category-allgemein","entry"],"_links":{"self":[{"href":"https:\/\/www.club-der-ringelsocken-sechtem.de\/index.php?rest_route=\/wp\/v2\/posts\/14849","targetHints":{"allow":["GET"]}}],"collection":[{"href":"https:\/\/www.club-der-ringelsocken-sechtem.de\/index.php?rest_route=\/wp\/v2\/posts"}],"about":[{"href":"https:\/\/www.club-der-ringelsocken-sechtem.de\/index.php?rest_route=\/wp\/v2\/types\/post"}],"author":[{"embeddable":true,"href":"https:\/\/www.club-der-ringelsocken-sechtem.de\/index.php?rest_route=\/wp\/v2\/users\/1"}],"replies":[{"embeddable":true,"href":"https:\/\/www.club-der-ringelsocken-sechtem.de\/index.php?rest_route=%2Fwp%2Fv2%2Fcomments&post=14849"}],"version-history":[{"count":1,"href":"https:\/\/www.club-der-ringelsocken-sechtem.de\/index.php?rest_route=\/wp\/v2\/posts\/14849\/revisions"}],"predecessor-version":[{"id":14850,"href":"https:\/\/www.club-der-ringelsocken-sechtem.de\/index.php?rest_route=\/wp\/v2\/posts\/14849\/revisions\/14850"}],"wp:attachment":[{"href":"https:\/\/www.club-der-ringelsocken-sechtem.de\/index.php?rest_route=%2Fwp%2Fv2%2Fmedia&parent=14849"}],"wp:term":[{"taxonomy":"category","embeddable":true,"href":"https:\/\/www.club-der-ringelsocken-sechtem.de\/index.php?rest_route=%2Fwp%2Fv2%2Fcategories&post=14849"},{"taxonomy":"post_tag","embeddable":true,"href":"https:\/\/www.club-der-ringelsocken-sechtem.de\/index.php?rest_route=%2Fwp%2Fv2%2Ftags&post=14849"}],"curies":[{"name":"wp","href":"https:\/\/api.w.org\/{rel}","templated":true}]}}