{"id":14744,"date":"2020-08-11T20:45:50","date_gmt":"2020-08-11T18:45:50","guid":{"rendered":"https:\/\/www.club-der-ringelsocken-sechtem.de\/?p=14744"},"modified":"2020-08-11T20:46:55","modified_gmt":"2020-08-11T18:46:55","slug":"ferienende-es-geht-wieder-los","status":"publish","type":"post","link":"https:\/\/www.club-der-ringelsocken-sechtem.de\/?p=14744","title":{"rendered":"FERIENENDE &#8211; Es geht wieder los!!!!"},"content":{"rendered":"\n<p>Hallo!<br>Es geht wieder los!<br>Am 17.08. bzw. 18.08. starten wir wieder mit den Gruppenstunden zu den \u00fcblichen Zeiten, also:<\/p>\n\n\n\n<p>Montag, 17:00 Uhr &#8211; 18:30 Uhr<br>oder<br>Dienstag, 17:00 Uhr &#8211; 18:30 Uhr<\/p>\n\n\n\n<p>Wir versuchen uns gr\u00f6\u00dftenteils im Freien aufzuhalten.<br><br>Aber denkt bitte daran, Eure Maske mitzubringen.<br>Au\u00dferdem k\u00f6nnen wir keine Getr\u00e4nke anbieten. Auch hier m\u00fcsst Ihr bei Bedarf selbst etwas mitbringen.<\/p>\n\n\n\n<p>Alle weiteren Informationen dann unmittelbar in den Gruppenstunden.<\/p>\n\n\n\n<p>Wir w\u00fcnschen einen guten Start in das neue Schuljahr!!<\/p>\n\n\n\n<p>..<\/p>\n","protected":false},"excerpt":{"rendered":"<p>Hallo!Es geht wieder los!Am 17.08. bzw. 18.08. starten wir wieder mit den Gruppenstunden zu den \u00fcblichen Zeiten, also: Montag, 17:00 Uhr &#8211; 18:30 UhroderDienstag, 17:00 Uhr &#8211; 18:30 Uhr Wir&#8230;<\/p>\n","protected":false},"author":1,"featured_media":0,"comment_status":"closed","ping_status":"closed","sticky":false,"template":"","format":"standard","meta":{"footnotes":""},"categories":[1],"tags":[],"class_list":["post-14744","post","type-post","status-publish","format-standard","hentry","category-allgemein","entry"],"_links":{"self":[{"href":"https:\/\/www.club-der-ringelsocken-sechtem.de\/index.php?rest_route=\/wp\/v2\/posts\/14744","targetHints":{"allow":["GET"]}}],"collection":[{"href":"https:\/\/www.club-der-ringelsocken-sechtem.de\/index.php?rest_route=\/wp\/v2\/posts"}],"about":[{"href":"https:\/\/www.club-der-ringelsocken-sechtem.de\/index.php?rest_route=\/wp\/v2\/types\/post"}],"author":[{"embeddable":true,"href":"https:\/\/www.club-der-ringelsocken-sechtem.de\/index.php?rest_route=\/wp\/v2\/users\/1"}],"replies":[{"embeddable":true,"href":"https:\/\/www.club-der-ringelsocken-sechtem.de\/index.php?rest_route=%2Fwp%2Fv2%2Fcomments&post=14744"}],"version-history":[{"count":2,"href":"https:\/\/www.club-der-ringelsocken-sechtem.de\/index.php?rest_route=\/wp\/v2\/posts\/14744\/revisions"}],"predecessor-version":[{"id":14746,"href":"https:\/\/www.club-der-ringelsocken-sechtem.de\/index.php?rest_route=\/wp\/v2\/posts\/14744\/revisions\/14746"}],"wp:attachment":[{"href":"https:\/\/www.club-der-ringelsocken-sechtem.de\/index.php?rest_route=%2Fwp%2Fv2%2Fmedia&parent=14744"}],"wp:term":[{"taxonomy":"category","embeddable":true,"href":"https:\/\/www.club-der-ringelsocken-sechtem.de\/index.php?rest_route=%2Fwp%2Fv2%2Fcategories&post=14744"},{"taxonomy":"post_tag","embeddable":true,"href":"https:\/\/www.club-der-ringelsocken-sechtem.de\/index.php?rest_route=%2Fwp%2Fv2%2Ftags&post=14744"}],"curies":[{"name":"wp","href":"https:\/\/api.w.org\/{rel}","templated":true}]}}