{"id":14610,"date":"2019-11-26T11:20:35","date_gmt":"2019-11-26T10:20:35","guid":{"rendered":"https:\/\/www.club-der-ringelsocken-sechtem.de\/?p=14610"},"modified":"2019-11-26T11:20:35","modified_gmt":"2019-11-26T10:20:35","slug":"ringelsocken-adventsfenster-dienstag-10-12-2019","status":"publish","type":"post","link":"https:\/\/www.club-der-ringelsocken-sechtem.de\/?p=14610","title":{"rendered":"Ringelsocken &#8211; Adventsfenster, Dienstag, 10.12.2019"},"content":{"rendered":"\n<p><\/p>\n\n\n\n<p>Die Ringelsocken richten ein Adventsfenster aus!!!!<\/p>\n\n\n\n<p>Am 10.12.2019, Dienstag, ist es ab 18:30 Uhr soweit:<\/p>\n\n\n\n<p>Unser Adventsfenster am Geschwister &#8211; Scholl &#8211; Haus wird er\u00f6ffnet.<br><br>Nat\u00fcrlich gibt es auch wieder Lieder, Getr\u00e4nke und Geb\u00e4ck!<\/p>\n\n\n\n<p>Wir freuen uns auf zahlreiches Kommen.<br>Bringt doch einfach Freunde, Familie und Verwandte mit!<\/p>\n\n\n\n<p>&#8230;<\/p>\n","protected":false},"excerpt":{"rendered":"<p>Die Ringelsocken richten ein Adventsfenster aus!!!! Am 10.12.2019, Dienstag, ist es ab 18:30 Uhr soweit: Unser Adventsfenster am Geschwister &#8211; Scholl &#8211; Haus wird er\u00f6ffnet. Nat\u00fcrlich gibt es auch wieder&#8230;<\/p>\n","protected":false},"author":1,"featured_media":0,"comment_status":"closed","ping_status":"closed","sticky":false,"template":"","format":"standard","meta":{"footnotes":""},"categories":[3],"tags":[],"class_list":["post-14610","post","type-post","status-publish","format-standard","hentry","category-uncategorized","entry"],"_links":{"self":[{"href":"https:\/\/www.club-der-ringelsocken-sechtem.de\/index.php?rest_route=\/wp\/v2\/posts\/14610","targetHints":{"allow":["GET"]}}],"collection":[{"href":"https:\/\/www.club-der-ringelsocken-sechtem.de\/index.php?rest_route=\/wp\/v2\/posts"}],"about":[{"href":"https:\/\/www.club-der-ringelsocken-sechtem.de\/index.php?rest_route=\/wp\/v2\/types\/post"}],"author":[{"embeddable":true,"href":"https:\/\/www.club-der-ringelsocken-sechtem.de\/index.php?rest_route=\/wp\/v2\/users\/1"}],"replies":[{"embeddable":true,"href":"https:\/\/www.club-der-ringelsocken-sechtem.de\/index.php?rest_route=%2Fwp%2Fv2%2Fcomments&post=14610"}],"version-history":[{"count":0,"href":"https:\/\/www.club-der-ringelsocken-sechtem.de\/index.php?rest_route=\/wp\/v2\/posts\/14610\/revisions"}],"wp:attachment":[{"href":"https:\/\/www.club-der-ringelsocken-sechtem.de\/index.php?rest_route=%2Fwp%2Fv2%2Fmedia&parent=14610"}],"wp:term":[{"taxonomy":"category","embeddable":true,"href":"https:\/\/www.club-der-ringelsocken-sechtem.de\/index.php?rest_route=%2Fwp%2Fv2%2Fcategories&post=14610"},{"taxonomy":"post_tag","embeddable":true,"href":"https:\/\/www.club-der-ringelsocken-sechtem.de\/index.php?rest_route=%2Fwp%2Fv2%2Ftags&post=14610"}],"curies":[{"name":"wp","href":"https:\/\/api.w.org\/{rel}","templated":true}]}}