{"id":14583,"date":"2019-05-17T13:40:48","date_gmt":"2019-05-17T12:40:48","guid":{"rendered":"https:\/\/www.club-der-ringelsocken-sechtem.de\/?p=14583"},"modified":"2019-05-17T13:40:48","modified_gmt":"2019-05-17T12:40:48","slug":"ende-fuer-deckel-drauf","status":"publish","type":"post","link":"https:\/\/www.club-der-ringelsocken-sechtem.de\/?p=14583","title":{"rendered":"Ende f\u00fcr Deckel drauf"},"content":{"rendered":"\n<p>Nach langer Zeit ist nun das Ende f\u00fcr das Sammeln der Kunststoffdeckel gekommen. Der Tr\u00e4gerverein stellt die Aktion nach vielen erfolgreichen Jahren ein.<\/p>\n\n\n\n<p>Auch wir m\u00f6chten uns bei allen Ringelsocken und deren Familien bedanken. Der CRS hat einige hundert Kilo Deckel gesammelt und somit viele Impfungen erm\u00f6glicht.<\/p>\n\n\n\n<p>N\u00e4here Informationen des Veranstalters sind <a rel=\"noreferrer noopener\" aria-label=\"HIER (\u00f6ffnet in neuem Tab)\" href=\"https:\/\/www.club-der-ringelsocken-sechtem.de\/wp-content\/uploads\/2019\/05\/Ende-f\u00fcr-Deckel-drauf.pdf\" target=\"_blank\">HIER<\/a> einzusehen.<\/p>\n\n\n\n<p>Leider nimmt unsere Annahmestelle schon jetzt keine Deckel mehr an.<br>Wir m\u00fcssen deshalb die Aktion<strong> AB SOFORT<\/strong> einstellen&#8230;.<\/p>\n\n\n\n<p>&#8212;<\/p>\n\n\n\n<p><\/p>\n","protected":false},"excerpt":{"rendered":"<p>Nach langer Zeit ist nun das Ende f\u00fcr das Sammeln der Kunststoffdeckel gekommen. Der Tr\u00e4gerverein stellt die Aktion nach vielen erfolgreichen Jahren ein. Auch wir m\u00f6chten uns bei allen Ringelsocken&#8230;<\/p>\n","protected":false},"author":1,"featured_media":0,"comment_status":"closed","ping_status":"closed","sticky":false,"template":"","format":"standard","meta":{"footnotes":""},"categories":[3],"tags":[],"class_list":["post-14583","post","type-post","status-publish","format-standard","hentry","category-uncategorized","entry"],"_links":{"self":[{"href":"https:\/\/www.club-der-ringelsocken-sechtem.de\/index.php?rest_route=\/wp\/v2\/posts\/14583","targetHints":{"allow":["GET"]}}],"collection":[{"href":"https:\/\/www.club-der-ringelsocken-sechtem.de\/index.php?rest_route=\/wp\/v2\/posts"}],"about":[{"href":"https:\/\/www.club-der-ringelsocken-sechtem.de\/index.php?rest_route=\/wp\/v2\/types\/post"}],"author":[{"embeddable":true,"href":"https:\/\/www.club-der-ringelsocken-sechtem.de\/index.php?rest_route=\/wp\/v2\/users\/1"}],"replies":[{"embeddable":true,"href":"https:\/\/www.club-der-ringelsocken-sechtem.de\/index.php?rest_route=%2Fwp%2Fv2%2Fcomments&post=14583"}],"version-history":[{"count":0,"href":"https:\/\/www.club-der-ringelsocken-sechtem.de\/index.php?rest_route=\/wp\/v2\/posts\/14583\/revisions"}],"wp:attachment":[{"href":"https:\/\/www.club-der-ringelsocken-sechtem.de\/index.php?rest_route=%2Fwp%2Fv2%2Fmedia&parent=14583"}],"wp:term":[{"taxonomy":"category","embeddable":true,"href":"https:\/\/www.club-der-ringelsocken-sechtem.de\/index.php?rest_route=%2Fwp%2Fv2%2Fcategories&post=14583"},{"taxonomy":"post_tag","embeddable":true,"href":"https:\/\/www.club-der-ringelsocken-sechtem.de\/index.php?rest_route=%2Fwp%2Fv2%2Ftags&post=14583"}],"curies":[{"name":"wp","href":"https:\/\/api.w.org\/{rel}","templated":true}]}}